{"id":13438,"date":"2024-11-24T19:35:44","date_gmt":"2024-11-24T19:35:44","guid":{"rendered":"https:\/\/mobilityservices.pt\/?p=13438"},"modified":"2024-11-24T19:36:25","modified_gmt":"2024-11-24T19:36:25","slug":"acesso-via-telemovel","status":"publish","type":"post","link":"https:\/\/mobilityservices.pt\/en\/acesso-via-telemovel\/","title":{"rendered":"Acesso via telem\u00f3vel"},"content":{"rendered":"<p>Nos pr\u00f3ximos dias voltar\u00e1 a estar dispon\u00edvel a abertura do Estacionamento sito na Estrada das \u00c1guas Livres em Queluz, ap\u00f3s repara\u00e7\u00e3o e actualiza\u00e7\u00e3o de todo o sistema.<\/p>\n\n\n\n<p>Devido \u00e0 actualiza\u00e7\u00e3o, todos os utilizadores foram eliminados, sendo necess\u00e1rio proceder novamente ao seu registo.<\/p>\n\n\n\n<p>Para efectuar um novo pedido de registo, dever\u00e1 preencher o formul\u00e1rio dispon\u00edvel <a href=\"https:\/\/mobilityservices.pt\/en\/registo-esc\/\">here<\/a>.<\/p>","protected":false},"excerpt":{"rendered":"<p>Nos pr\u00f3ximos dias voltar\u00e1 a estar dispon\u00edvel a abertura do Estacionamento sito na Estrada das \u00c1guas Livres em Queluz, ap\u00f3s repara\u00e7\u00e3o e actualiza\u00e7\u00e3o de todo o sistema. Devido \u00e0 actualiza\u00e7\u00e3o, todos os utilizadores foram eliminados, sendo necess\u00e1rio proceder novamente ao seu registo. Para efectuar um novo pedido de registo, dever\u00e1 preencher o formul\u00e1rio dispon\u00edvel aqui.<\/p>","protected":false},"author":1,"featured_media":12419,"comment_status":"closed","ping_status":"closed","sticky":false,"template":"","format":"standard","meta":{"_glsr_average":0,"_glsr_ranking":0,"_glsr_reviews":0,"footnotes":""},"categories":[17],"tags":[65],"class_list":["post-13438","post","type-post","status-publish","format-standard","has-post-thumbnail","hentry","category-estacionamentoaguaslivres","tag-pendao"],"_links":{"self":[{"href":"https:\/\/mobilityservices.pt\/en\/wp-json\/wp\/v2\/posts\/13438","targetHints":{"allow":["GET"]}}],"collection":[{"href":"https:\/\/mobilityservices.pt\/en\/wp-json\/wp\/v2\/posts"}],"about":[{"href":"https:\/\/mobilityservices.pt\/en\/wp-json\/wp\/v2\/types\/post"}],"author":[{"embeddable":true,"href":"https:\/\/mobilityservices.pt\/en\/wp-json\/wp\/v2\/users\/1"}],"replies":[{"embeddable":true,"href":"https:\/\/mobilityservices.pt\/en\/wp-json\/wp\/v2\/comments?post=13438"}],"version-history":[{"count":1,"href":"https:\/\/mobilityservices.pt\/en\/wp-json\/wp\/v2\/posts\/13438\/revisions"}],"predecessor-version":[{"id":13439,"href":"https:\/\/mobilityservices.pt\/en\/wp-json\/wp\/v2\/posts\/13438\/revisions\/13439"}],"wp:featuredmedia":[{"embeddable":true,"href":"https:\/\/mobilityservices.pt\/en\/wp-json\/wp\/v2\/media\/12419"}],"wp:attachment":[{"href":"https:\/\/mobilityservices.pt\/en\/wp-json\/wp\/v2\/media?parent=13438"}],"wp:term":[{"taxonomy":"category","embeddable":true,"href":"https:\/\/mobilityservices.pt\/en\/wp-json\/wp\/v2\/categories?post=13438"},{"taxonomy":"post_tag","embeddable":true,"href":"https:\/\/mobilityservices.pt\/en\/wp-json\/wp\/v2\/tags?post=13438"}],"curies":[{"name":"wp","href":"https:\/\/api.w.org\/{rel}","templated":true}]}}