{"id":13261,"date":"2024-09-25T12:41:00","date_gmt":"2024-09-25T12:41:00","guid":{"rendered":"https:\/\/mobilityservices.pt\/?p=13261"},"modified":"2024-09-25T13:49:24","modified_gmt":"2024-09-25T13:49:24","slug":"falha-de-energia-na-amadora","status":"publish","type":"post","link":"https:\/\/mobilityservices.pt\/en\/falha-de-energia-na-amadora\/","title":{"rendered":"Falha de energia na Amadora"},"content":{"rendered":"<p>Devido a uma falha generalizada de energia na freguesia da Venteira, na cidade da Amadora, n\u00e3o \u00e9 poss\u00edvel aceder ao interior do estacionamento da Rua Diogo Bernardes.<\/p>\n\n\n\n<p>Poder\u00e1 tamb\u00e9m haver dificuldades nas comunica\u00e7\u00f5es telef\u00f3nicas.<\/p>\n\n\n\n<p>Ainda que esta situa\u00e7\u00e3o nos seja completamente alheia, apresentamos desde j\u00e1 as nossas desculpas por eventuais inc\u00f3modos causados.<\/p>\n\n\n\n<figure class=\"wp-block-pullquote\"><blockquote><p>Situa\u00e7\u00e3o normalizada \u00e0s 14:47<\/p><\/blockquote><\/figure>","protected":false},"excerpt":{"rendered":"<p>Devido a uma falha generalizada de energia na freguesia da Venteira, na cidade da Amadora, n\u00e3o \u00e9 poss\u00edvel aceder ao interior do estacionamento da Rua Diogo Bernardes. Poder\u00e1 tamb\u00e9m haver dificuldades nas comunica\u00e7\u00f5es telef\u00f3nicas. Ainda que esta situa\u00e7\u00e3o nos seja completamente alheia, apresentamos desde j\u00e1 as nossas desculpas por eventuais inc\u00f3modos causados. Situa\u00e7\u00e3o normalizada \u00e0s &hellip; <a href=\"https:\/\/mobilityservices.pt\/en\/falha-de-energia-na-amadora\/\" class=\"more-link\">Continue reading<span class=\"screen-reader-text\"> &#8220;Falha de energia na Amadora&#8221;<\/span><\/a><\/p>","protected":false},"author":1,"featured_media":0,"comment_status":"closed","ping_status":"closed","sticky":false,"template":"","format":"standard","meta":{"_glsr_average":0,"_glsr_ranking":0,"_glsr_reviews":0,"footnotes":""},"categories":[67],"tags":[66,93],"class_list":["post-13261","post","type-post","status-publish","format-standard","hentry","category-informacoes-uteis","tag-acesso","tag-amadora"],"_links":{"self":[{"href":"https:\/\/mobilityservices.pt\/en\/wp-json\/wp\/v2\/posts\/13261","targetHints":{"allow":["GET"]}}],"collection":[{"href":"https:\/\/mobilityservices.pt\/en\/wp-json\/wp\/v2\/posts"}],"about":[{"href":"https:\/\/mobilityservices.pt\/en\/wp-json\/wp\/v2\/types\/post"}],"author":[{"embeddable":true,"href":"https:\/\/mobilityservices.pt\/en\/wp-json\/wp\/v2\/users\/1"}],"replies":[{"embeddable":true,"href":"https:\/\/mobilityservices.pt\/en\/wp-json\/wp\/v2\/comments?post=13261"}],"version-history":[{"count":3,"href":"https:\/\/mobilityservices.pt\/en\/wp-json\/wp\/v2\/posts\/13261\/revisions"}],"predecessor-version":[{"id":13265,"href":"https:\/\/mobilityservices.pt\/en\/wp-json\/wp\/v2\/posts\/13261\/revisions\/13265"}],"wp:attachment":[{"href":"https:\/\/mobilityservices.pt\/en\/wp-json\/wp\/v2\/media?parent=13261"}],"wp:term":[{"taxonomy":"category","embeddable":true,"href":"https:\/\/mobilityservices.pt\/en\/wp-json\/wp\/v2\/categories?post=13261"},{"taxonomy":"post_tag","embeddable":true,"href":"https:\/\/mobilityservices.pt\/en\/wp-json\/wp\/v2\/tags?post=13261"}],"curies":[{"name":"wp","href":"https:\/\/api.w.org\/{rel}","templated":true}]}}